{"id":246,"date":"2025-12-05T12:36:52","date_gmt":"2025-12-05T12:36:52","guid":{"rendered":"https:\/\/artebaz.com.ar\/sitio\/?p=246"},"modified":"2025-12-10T23:59:23","modified_gmt":"2025-12-10T23:59:23","slug":"libro-digital-2020-covid19-en-el-arte","status":"publish","type":"post","link":"https:\/\/artebaz.com.ar\/sitio\/libro-digital-2020-covid19-en-el-arte\/","title":{"rendered":"Libro Digital 2020 Covid19 en el Arte"},"content":{"rendered":"<div class=\"fecu\">12\/09\/20 |&nbsp;Prensa<\/div>\n<div class=\"even2\">\n<div class=\"texto\">2020 Covid19 en el Arte.<br \/>\nLibro digital de Arte solidario de la Fundaci\u00f3n Lumen CorCuradur\u00eda Luisa M\u00e9ndez y Agus Vega<\/p>\n<p>Dise\u00f1o gr\u00e1fico Valeria Velasco<\/p>\n<p>Pueden verlo desde los siguientes links.<br \/>\nEspero que les guste!<br \/>\nhttp:\/\/www.lumencor.org\/librodearte.html<br \/>\nhttps:\/\/online.flippingbook.com\/view\/711632\/<\/p>\n<\/div>\n<div>ngg_shortcode_0_placeholder<\/div>\n<\/div>\n","protected":false},"excerpt":{"rendered":"<p>12\/09\/20 |&nbsp;Prensa 2020 Covid19 en el Arte. Libro digital de Arte solidario de la Fundaci\u00f3n Lumen CorCuradur\u00eda Luisa M\u00e9ndez y Agus Vega Dise\u00f1o gr\u00e1fico Valeria Velasco Pueden verlo desde los siguientes links. Espero que les guste! http:\/\/www.lumencor.org\/librodearte.html https:\/\/online.flippingbook.com\/view\/711632\/<\/p>\n","protected":false},"author":2,"featured_media":881,"comment_status":"closed","ping_status":"open","sticky":false,"template":"","format":"standard","meta":{"ngg_post_thumbnail":0,"footnotes":""},"categories":[5,7],"tags":[],"class_list":["post-246","post","type-post","status-publish","format-standard","has-post-thumbnail","hentry","category-eventos","category-prensa"],"_links":{"self":[{"href":"https:\/\/artebaz.com.ar\/sitio\/wp-json\/wp\/v2\/posts\/246","targetHints":{"allow":["GET"]}}],"collection":[{"href":"https:\/\/artebaz.com.ar\/sitio\/wp-json\/wp\/v2\/posts"}],"about":[{"href":"https:\/\/artebaz.com.ar\/sitio\/wp-json\/wp\/v2\/types\/post"}],"author":[{"embeddable":true,"href":"https:\/\/artebaz.com.ar\/sitio\/wp-json\/wp\/v2\/users\/2"}],"replies":[{"embeddable":true,"href":"https:\/\/artebaz.com.ar\/sitio\/wp-json\/wp\/v2\/comments?post=246"}],"version-history":[{"count":2,"href":"https:\/\/artebaz.com.ar\/sitio\/wp-json\/wp\/v2\/posts\/246\/revisions"}],"predecessor-version":[{"id":882,"href":"https:\/\/artebaz.com.ar\/sitio\/wp-json\/wp\/v2\/posts\/246\/revisions\/882"}],"wp:featuredmedia":[{"embeddable":true,"href":"https:\/\/artebaz.com.ar\/sitio\/wp-json\/wp\/v2\/media\/881"}],"wp:attachment":[{"href":"https:\/\/artebaz.com.ar\/sitio\/wp-json\/wp\/v2\/media?parent=246"}],"wp:term":[{"taxonomy":"category","embeddable":true,"href":"https:\/\/artebaz.com.ar\/sitio\/wp-json\/wp\/v2\/categories?post=246"},{"taxonomy":"post_tag","embeddable":true,"href":"https:\/\/artebaz.com.ar\/sitio\/wp-json\/wp\/v2\/tags?post=246"}],"curies":[{"name":"wp","href":"https:\/\/api.w.org\/{rel}","templated":true}]}}