{"id":368,"date":"2025-12-05T13:55:29","date_gmt":"2025-12-05T13:55:29","guid":{"rendered":"https:\/\/artebaz.com.ar\/sitio\/?p=368"},"modified":"2025-12-11T00:16:13","modified_gmt":"2025-12-11T00:16:13","slug":"seminario-la-abstraccion-a-partir-de-la-realidad","status":"publish","type":"post","link":"https:\/\/artebaz.com.ar\/sitio\/seminario-la-abstraccion-a-partir-de-la-realidad\/","title":{"rendered":"Seminario LA ABSTRACCION A PARTIR DE LA REALIDAD"},"content":{"rendered":"<div class=\"fecu\">02\/02\/19 |&nbsp;Taller<\/div>\n<div class=\"even2\">\n<div class=\"texto\">Workshop teorico &#8211; practico<br \/>\nFebrero 2018<br \/>\n\u200bDel 2\/02 al 2\/03<br \/>\n\u200bProfesora: Silvina BazPROGRAMA:<br \/>\nClase 1:<br \/>\nLa Abstracci\u00f3n: Influencias del Impresionismo, Cubismo, Puntillismo Favismo y Expresionismo. Abstracci\u00f3n y arte no figurativo. Tendencia intuitiva o emotiva y racional, sus referentes y derivaciones en el arte del siglo XIX y XX. Leyes fundamentales de las obras. Pautas para el registro fotogr\u00e1fico. Gu\u00eda para an\u00e1lisis y construcci\u00f3n de la obra.<\/p>\n<p>Clase 2:<br \/>\nWorkshop:<br \/>\nPautas y procedimientos varios de abstracci\u00f3n.<br \/>\nGenerando la propia pintura, boceto gr\u00e1fico o dibujo abstracto a partir de la realidad.<br \/>\nTratamiento geom\u00e9trico. Tratamiento gestual. Teor\u00eda del color.<\/p>\n<p>Clase 3 y 4:<br \/>\nWorkshop:<br \/>\nTrabajo y elaboraci\u00f3n de la obra personal.<\/p>\n<p>Clase 5:<br \/>\nPartes no visibles de la obra: Reflexiones y juegos creativos. Clinica de los trabajos realizados. Reflexi\u00f3n de los distintos procesos est\u00e9ticos empleados.<\/p>\nngg_shortcode_0_placeholder<\/div>\n<\/div>\n","protected":false},"excerpt":{"rendered":"<p>02\/02\/19 |&nbsp;Taller Workshop teorico &#8211; practico Febrero 2018 \u200bDel 2\/02 al 2\/03 \u200bProfesora: Silvina BazPROGRAMA: Clase 1: La Abstracci\u00f3n: Influencias del Impresionismo, Cubismo, Puntillismo Favismo y Expresionismo. Abstracci\u00f3n y arte no figurativo. Tendencia intuitiva o emotiva y racional, sus referentes y derivaciones en el arte del siglo XIX y XX. Leyes fundamentales de las obras. [&hellip;]<\/p>\n","protected":false},"author":2,"featured_media":893,"comment_status":"closed","ping_status":"open","sticky":false,"template":"","format":"standard","meta":{"ngg_post_thumbnail":0,"footnotes":""},"categories":[5,8],"tags":[],"class_list":["post-368","post","type-post","status-publish","format-standard","has-post-thumbnail","hentry","category-eventos","category-taller"],"_links":{"self":[{"href":"https:\/\/artebaz.com.ar\/sitio\/wp-json\/wp\/v2\/posts\/368","targetHints":{"allow":["GET"]}}],"collection":[{"href":"https:\/\/artebaz.com.ar\/sitio\/wp-json\/wp\/v2\/posts"}],"about":[{"href":"https:\/\/artebaz.com.ar\/sitio\/wp-json\/wp\/v2\/types\/post"}],"author":[{"embeddable":true,"href":"https:\/\/artebaz.com.ar\/sitio\/wp-json\/wp\/v2\/users\/2"}],"replies":[{"embeddable":true,"href":"https:\/\/artebaz.com.ar\/sitio\/wp-json\/wp\/v2\/comments?post=368"}],"version-history":[{"count":2,"href":"https:\/\/artebaz.com.ar\/sitio\/wp-json\/wp\/v2\/posts\/368\/revisions"}],"predecessor-version":[{"id":894,"href":"https:\/\/artebaz.com.ar\/sitio\/wp-json\/wp\/v2\/posts\/368\/revisions\/894"}],"wp:featuredmedia":[{"embeddable":true,"href":"https:\/\/artebaz.com.ar\/sitio\/wp-json\/wp\/v2\/media\/893"}],"wp:attachment":[{"href":"https:\/\/artebaz.com.ar\/sitio\/wp-json\/wp\/v2\/media?parent=368"}],"wp:term":[{"taxonomy":"category","embeddable":true,"href":"https:\/\/artebaz.com.ar\/sitio\/wp-json\/wp\/v2\/categories?post=368"},{"taxonomy":"post_tag","embeddable":true,"href":"https:\/\/artebaz.com.ar\/sitio\/wp-json\/wp\/v2\/tags?post=368"}],"curies":[{"name":"wp","href":"https:\/\/api.w.org\/{rel}","templated":true}]}}