{"id":480,"date":"2025-12-05T14:10:47","date_gmt":"2025-12-05T14:10:47","guid":{"rendered":"https:\/\/artebaz.com.ar\/sitio\/?p=480"},"modified":"2025-12-10T23:50:42","modified_gmt":"2025-12-10T23:50:42","slug":"ella-sala-de-exposicion-del-hcdsi","status":"publish","type":"post","link":"https:\/\/artebaz.com.ar\/sitio\/ella-sala-de-exposicion-del-hcdsi\/","title":{"rendered":"ELLA &#8211; Sala de Exposicion del HCDSI"},"content":{"rendered":"<div class=\"fecu\">28\/02\/25 |&nbsp;Actualidad<\/div>\n<div class=\"even2\">\n<div class=\"texto\">\u00abElla\u00bb con curadur\u00eda de Federico Prassel.<br \/>\nEn la sala de exposiciones del HCD de San Isidro.<br \/>\nEs una muestra multidisciplinaria con Dibujos &#8211; Grabados &#8211; Fotograf\u00edas &#8211; Pinturas &#8211; Mix Media. Obras que giran en torno a la tem\u00e1tica de la mujer en el marco de 8M<br \/>\nInauguraci\u00f3n: Viernes 28 de Febrero 17:30hs<br \/>\nLugar: Sala de exposiciones del Honorable Concejo Deliberante de San Isidro &#8211; 25 de Mayo 459,San Isidro.Ella es fragmento de la humanidad; reflejo del amor, la sensibilidad, la fuerza. En definitiva, del Ser. Ser espiritual que puede albergar en su vientre a un ser humano, un ser del ma\u00f1ana. Con esperanza es luchadora. Como un espejo, donde se refleja el otro, el hombre, la otra realidad. En Ella reside el arte, el crear para creer en el futuro. SB.<\/p>\n<p>Provoca una gran emoci\u00f3n contemplar la obra de Silvina Baz. Su imagen es enigm\u00e1tica y profunda y sabe detenerse en el momento justo en que comienza a interpretar el espectador. Ella se expresa a trav\u00e9s de las m\u00e1s diversas t\u00e9cnicas: dibujos, grabados, pintura, y fotograf\u00edas. Todos procesos diferentes pero unidos por la gran expresi\u00f3n femenina que la identifica. \u00bfQu\u00e9 relaci\u00f3n guardan entre ellos?<\/p>\n<p>La contemplaci\u00f3n frente al espejo es un tema que aparece tanto en el grabado como en la pintura. No busca el parecido, sino la fuerza expresiva que se desprende de sus curvas, sus entradas y salientes. Apoyada en la fuerza del claroscuro, descubrimos que su imagen se universaliza representando deseos e infortunios que imperan en la vida cotidiana. El grabado y la pintura lo gritan desde la tensi\u00f3n provocada por centros de energ\u00eda y agrupaci\u00f3n de fuerzas presentes en un dialogo entre las l\u00edneas continuas y la variedad del color. En fin, una radiograf\u00eda que por momentos permite ver m\u00e1s all\u00e1 de la piel e intuir que puede haber detr\u00e1s del esmerilado pl\u00e1stico que lo cubre. Puede ser otra mujer o si misma frente al espejo. De cualquier manera la fuerza de la imagen invita a reflexionar sobre el sentido de la vida, sobre el paso del tiempo y las marcas de la existencia. Silvina Baz pone en juego as\u00ed, la distancia o no distancia entre lo que se ve y lo que se oculta.<\/p>\n<p>Es el \u00abSer o no Ser\u00bb que alcanza la m\u00e1xima plenitud creativa.<\/p>\n<p>Julio Sapollnik<\/p>\n<\/div>\n<div>ngg_shortcode_0_placeholder<\/div>\n<\/div>\n","protected":false},"excerpt":{"rendered":"<p>28\/02\/25 |&nbsp;Actualidad \u00abElla\u00bb con curadur\u00eda de Federico Prassel. En la sala de exposiciones del HCD de San Isidro. Es una muestra multidisciplinaria con Dibujos &#8211; Grabados &#8211; Fotograf\u00edas &#8211; Pinturas &#8211; Mix Media. Obras que giran en torno a la tem\u00e1tica de la mujer en el marco de 8M Inauguraci\u00f3n: Viernes 28 de Febrero 17:30hs [&hellip;]<\/p>\n","protected":false},"author":2,"featured_media":874,"comment_status":"closed","ping_status":"open","sticky":false,"template":"","format":"standard","meta":{"ngg_post_thumbnail":0,"footnotes":""},"categories":[5,11],"tags":[],"class_list":["post-480","post","type-post","status-publish","format-standard","has-post-thumbnail","hentry","category-eventos","category-novedades"],"_links":{"self":[{"href":"https:\/\/artebaz.com.ar\/sitio\/wp-json\/wp\/v2\/posts\/480","targetHints":{"allow":["GET"]}}],"collection":[{"href":"https:\/\/artebaz.com.ar\/sitio\/wp-json\/wp\/v2\/posts"}],"about":[{"href":"https:\/\/artebaz.com.ar\/sitio\/wp-json\/wp\/v2\/types\/post"}],"author":[{"embeddable":true,"href":"https:\/\/artebaz.com.ar\/sitio\/wp-json\/wp\/v2\/users\/2"}],"replies":[{"embeddable":true,"href":"https:\/\/artebaz.com.ar\/sitio\/wp-json\/wp\/v2\/comments?post=480"}],"version-history":[{"count":2,"href":"https:\/\/artebaz.com.ar\/sitio\/wp-json\/wp\/v2\/posts\/480\/revisions"}],"predecessor-version":[{"id":875,"href":"https:\/\/artebaz.com.ar\/sitio\/wp-json\/wp\/v2\/posts\/480\/revisions\/875"}],"wp:featuredmedia":[{"embeddable":true,"href":"https:\/\/artebaz.com.ar\/sitio\/wp-json\/wp\/v2\/media\/874"}],"wp:attachment":[{"href":"https:\/\/artebaz.com.ar\/sitio\/wp-json\/wp\/v2\/media?parent=480"}],"wp:term":[{"taxonomy":"category","embeddable":true,"href":"https:\/\/artebaz.com.ar\/sitio\/wp-json\/wp\/v2\/categories?post=480"},{"taxonomy":"post_tag","embeddable":true,"href":"https:\/\/artebaz.com.ar\/sitio\/wp-json\/wp\/v2\/tags?post=480"}],"curies":[{"name":"wp","href":"https:\/\/api.w.org\/{rel}","templated":true}]}}